{"id":4073,"date":"2025-02-25T19:24:24","date_gmt":"2025-02-25T19:24:24","guid":{"rendered":"https:\/\/trinasolaremea-isbu.com\/?p=4073"},"modified":"2025-02-25T20:01:28","modified_gmt":"2025-02-25T20:01:28","slug":"emeren-group-sells-65-mwp-solar-project-portfolio-in-germany-to-trina-solar","status":"publish","type":"post","link":"https:\/\/trinasolaremea-isbu.com\/de\/emeren-group-sells-65-mwp-solar-project-portfolio-in-germany-to-trina-solar\/","title":{"rendered":"Emeren Group verkauft 65 MWp Solarprojektportfolio in Deutschland an Trina Solar"},"content":{"rendered":"<div data-elementor-type=\"wp-post\" data-elementor-id=\"4073\" class=\"elementor elementor-4073\" data-elementor-post-type=\"post\">\n\t\t\t\t<div class=\"elementor-element elementor-element-7eeabc5 e-flex e-con-boxed e-con e-parent\" data-id=\"7eeabc5\" data-element_type=\"container\" data-e-type=\"container\">\n\t\t\t\t\t<div class=\"e-con-inner\">\n\t\t\t\t<div class=\"elementor-element elementor-element-5b173b1 elementor-widget elementor-widget-spacer\" data-id=\"5b173b1\" data-element_type=\"widget\" data-e-type=\"widget\" data-widget_type=\"spacer.default\">\n\t\t\t\t<div class=\"elementor-widget-container\">\n\t\t\t\t\t\t\t<div class=\"elementor-spacer\">\n\t\t\t<div class=\"elementor-spacer-inner\"><\/div>\n\t\t<\/div>\n\t\t\t\t\t\t<\/div>\n\t\t\t\t<\/div>\n\t\t\t\t<div class=\"elementor-element elementor-element-7bbe9cb elementor-widget elementor-widget-button\" data-id=\"7bbe9cb\" data-element_type=\"widget\" data-e-type=\"widget\" data-widget_type=\"button.default\">\n\t\t\t\t<div class=\"elementor-widget-container\">\n\t\t\t\t\t\t\t\t\t<div class=\"elementor-button-wrapper\">\n\t\t\t\t\t<a class=\"elementor-button elementor-button-link elementor-size-sm\" href=\"https:\/\/trinasolaremea-isbu.com\/de\/#news\">\n\t\t\t\t\t\t<span class=\"elementor-button-content-wrapper\">\n\t\t\t\t\t\t\t\t\t<span class=\"elementor-button-text\">Zur\u00fcck<\/span>\n\t\t\t\t\t<\/span>\n\t\t\t\t\t<\/a>\n\t\t\t\t<\/div>\n\t\t\t\t\t\t\t\t<\/div>\n\t\t\t\t<\/div>\n\t\t\t\t<div class=\"elementor-element elementor-element-126eca6 elementor-widget elementor-widget-spacer\" data-id=\"126eca6\" data-element_type=\"widget\" data-e-type=\"widget\" data-widget_type=\"spacer.default\">\n\t\t\t\t<div class=\"elementor-widget-container\">\n\t\t\t\t\t\t\t<div class=\"elementor-spacer\">\n\t\t\t<div class=\"elementor-spacer-inner\"><\/div>\n\t\t<\/div>\n\t\t\t\t\t\t<\/div>\n\t\t\t\t<\/div>\n\t\t\t\t<div class=\"elementor-element elementor-element-2bcd828 elementor-widget elementor-widget-heading\" data-id=\"2bcd828\" data-element_type=\"widget\" data-e-type=\"widget\" data-widget_type=\"heading.default\">\n\t\t\t\t<div class=\"elementor-widget-container\">\n\t\t\t\t\t<h4 class=\"elementor-heading-title elementor-size-default\">Neueste Nachrichten<\/h4>\t\t\t\t<\/div>\n\t\t\t\t<\/div>\n\t\t\t\t<div class=\"elementor-element elementor-element-c9adb7e animated-slow elementor-invisible elementor-widget elementor-widget-heading\" data-id=\"c9adb7e\" data-element_type=\"widget\" data-e-type=\"widget\" data-settings=\"{&quot;_animation&quot;:&quot;fadeIn&quot;}\" data-widget_type=\"heading.default\">\n\t\t\t\t<div class=\"elementor-widget-container\">\n\t\t\t\t\t<h2 class=\"elementor-heading-title elementor-size-default\">Wir sind ein vielf\u00e4ltiges Team und tief engagiert, die Welt zu einem besseren Ort zu machen.\n<\/h2>\t\t\t\t<\/div>\n\t\t\t\t<\/div>\n\t\t\t\t<div class=\"elementor-element elementor-element-d709286 elementor-widget elementor-widget-spacer\" data-id=\"d709286\" data-element_type=\"widget\" data-e-type=\"widget\" data-widget_type=\"spacer.default\">\n\t\t\t\t<div class=\"elementor-widget-container\">\n\t\t\t\t\t\t\t<div class=\"elementor-spacer\">\n\t\t\t<div class=\"elementor-spacer-inner\"><\/div>\n\t\t<\/div>\n\t\t\t\t\t\t<\/div>\n\t\t\t\t<\/div>\n\t\t\t\t\t<\/div>\n\t\t\t\t<\/div>\n\t\t<div class=\"elementor-element elementor-element-6152cc3 e-flex e-con-boxed e-con e-parent\" data-id=\"6152cc3\" data-element_type=\"container\" data-e-type=\"container\">\n\t\t\t\t\t<div class=\"e-con-inner\">\n\t\t\t\t<div class=\"elementor-element elementor-element-fbc0666 elementor-widget elementor-widget-heading\" data-id=\"fbc0666\" data-element_type=\"widget\" data-e-type=\"widget\" data-widget_type=\"heading.default\">\n\t\t\t\t<div class=\"elementor-widget-container\">\n\t\t\t\t\t<h2 class=\"elementor-heading-title elementor-size-default\">Wir sind stolz, die \u00dcbernahme eines 65-MWp-Solarprojektportfolios bekannt zu geben.<\/h2>\t\t\t\t<\/div>\n\t\t\t\t<\/div>\n\t\t\t\t<div class=\"elementor-element elementor-element-24ebb57 elementor-widget elementor-widget-spacer\" data-id=\"24ebb57\" data-element_type=\"widget\" data-e-type=\"widget\" data-widget_type=\"spacer.default\">\n\t\t\t\t<div class=\"elementor-widget-container\">\n\t\t\t\t\t\t\t<div class=\"elementor-spacer\">\n\t\t\t<div class=\"elementor-spacer-inner\"><\/div>\n\t\t<\/div>\n\t\t\t\t\t\t<\/div>\n\t\t\t\t<\/div>\n\t\t\t\t\t<\/div>\n\t\t\t\t<\/div>\n\t\t<div class=\"elementor-element elementor-element-d3d9b0e e-grid e-con-boxed e-con e-parent\" data-id=\"d3d9b0e\" data-element_type=\"container\" data-e-type=\"container\">\n\t\t\t\t\t<div class=\"e-con-inner\">\n\t\t\t\t<div class=\"elementor-element elementor-element-0b4aa2b elementor-widget elementor-widget-image\" data-id=\"0b4aa2b\" data-element_type=\"widget\" data-e-type=\"widget\" data-widget_type=\"image.default\">\n\t\t\t\t<div class=\"elementor-widget-container\">\n\t\t\t\t\t\t\t\t\t\t\t\t\t\t\t<img fetchpriority=\"high\" decoding=\"async\" width=\"1280\" height=\"720\" src=\"https:\/\/i0.wp.com\/trinasolaremea-isbu.com\/wp-content\/uploads\/2024\/09\/Trina-solar-.webp?fit=1280%2C720&amp;ssl=1\" class=\"attachment-full size-full wp-image-2067\" alt=\"\" srcset=\"https:\/\/i0.wp.com\/trinasolaremea-isbu.com\/wp-content\/uploads\/2024\/09\/Trina-solar-.webp?w=1280&amp;ssl=1 1280w, https:\/\/i0.wp.com\/trinasolaremea-isbu.com\/wp-content\/uploads\/2024\/09\/Trina-solar-.webp?resize=300%2C169&amp;ssl=1 300w, https:\/\/i0.wp.com\/trinasolaremea-isbu.com\/wp-content\/uploads\/2024\/09\/Trina-solar-.webp?resize=1024%2C576&amp;ssl=1 1024w, https:\/\/i0.wp.com\/trinasolaremea-isbu.com\/wp-content\/uploads\/2024\/09\/Trina-solar-.webp?resize=768%2C432&amp;ssl=1 768w, https:\/\/i0.wp.com\/trinasolaremea-isbu.com\/wp-content\/uploads\/2024\/09\/Trina-solar-.webp?resize=18%2C10&amp;ssl=1 18w\" sizes=\"(max-width: 800px) 100vw, 800px\" \/>\t\t\t\t\t\t\t\t\t\t\t\t\t\t\t<\/div>\n\t\t\t\t<\/div>\n\t\t\t\t<div class=\"elementor-element elementor-element-5be4430 elementor-widget elementor-widget-text-editor\" data-id=\"5be4430\" data-element_type=\"widget\" data-e-type=\"widget\" data-widget_type=\"text-editor.default\">\n\t\t\t\t<div class=\"elementor-widget-container\">\n\t\t\t\t\t\t\t\t\t<p id=\"ember49\" class=\"ember-view reader-text-block__paragraph\">Emeren Group Ltd, ein f\u00fchrender globaler Entwickler, Eigent\u00fcmer und Betreiber von Solarprojekten, gab heute den Verkauf eines 65-MWp-Solarprojektportfolios an die Trinasolar International System Business Unit (\u201eISBU\u201c) bekannt. Trinasolar ISBU (\u201eTrinasolar\u201c) ist der Gesch\u00e4ftsbereich f\u00fcr die Entwicklung von Downstream-Projekten von Trina Solar Co., Ltd. (SHA: 688599) und spezialisiert auf Entwicklung, Ingenieurwesen, Beschaffung, Bau (EPC), Betrieb und Wartung (O&amp;M) sowie Asset-Management von Solar- und Batteriespeicherprojekten im Versorgungsma\u00dfstab weltweit.<\/p><p id=\"ember51\" class=\"ember-view reader-text-block__paragraph\">Das Portfolio, das Emerens Position im bedeutenden deutschen Markt f\u00fcr erneuerbare Energien st\u00e4rkt, umfasst drei Projekte: eines im Saarland, im Westen Deutschlands; das zweite ist ein innovatives Agri-PV-Projekt in Mecklenburg-Vorpommern, im Norden Deutschlands; und schlie\u00dflich eine weitere Agri-PV-Initiative in Niedersachsen, ebenfalls im Norden Deutschlands. Diese Projekte sollen voraussichtlich Mitte bis Ende 2025 abgeschlossen werden und k\u00f6nnten Potenzial f\u00fcr die Integration von Batteriespeichersystemen (BESS) bieten, um die Betriebseffizienz und den langfristigen Wert weiter zu steigern.<\/p><p id=\"ember53\" class=\"ember-view reader-text-block__paragraph\">Yumin Liu, CEO der Emeren Group, kommentierte: \u201eDieser Verkauf baut auf dem Erfolg unserer vorherigen Zusammenarbeit mit Trina Solar in Frankreich vor einigen Monaten auf und erweitert unsere Pr\u00e4senz im Bereich erneuerbarer Energien in Europa. Deutschland ist als einer der dynamischsten M\u00e4rkte f\u00fcr Solarenergie ein zentraler Fokus f\u00fcr uns. Die Entwicklung und der Verkauf dieses hochwertigen Portfolios unterstreichen die Expertise unseres Teams und unser Engagement f\u00fcr die Umsetzung wirkungsvoller Projekte. Die erneute Partnerschaft mit Trina Solar erm\u00f6glicht es uns, unsere gemeinsame Vision voranzutreiben, Innovation und Nachhaltigkeit in einigen der weltweit wettbewerbsf\u00e4higsten M\u00e4rkte f\u00fcr erneuerbare Energien zu f\u00f6rdern.\u201c<\/p><p id=\"ember55\" class=\"ember-view reader-text-block__paragraph\">Leonardo Lotti, Leiter der EMEA-Region f\u00fcr Trinasolar ISBU, f\u00fcgte hinzu: \u201eDieses Portfolio markiert den Beginn der Aktivit\u00e4ten von Trina Solar ISBU auf dem deutschen Markt f\u00fcr erneuerbare Energien, der voraussichtlich ein zentraler europ\u00e4ischer Markt f\u00fcr unsere Photovoltaik- (PV) und Batteriespeicher- (BESS) Entwicklungsprojekte sein wird. Wir haben k\u00fcrzlich ein vielf\u00e4ltiges und ehrgeiziges Team in Deutschland aufgebaut, das voraussichtlich mit unserem Gesch\u00e4ft wachsen wird. Die ehrgeizigen erneuerbaren Energieziele Deutschlands machen es zu einem entscheidenden Markt f\u00fcr die Solarenergieentwicklung, und wir freuen uns, mit Emeren Group an diesem Portfolio zusammenzuarbeiten. Ihre Marktkompetenz und ihr Engagement f\u00fcr hohe Standards waren entscheidend f\u00fcr den Fortschritt dieser Projekte. Wir sind zuversichtlich, dass diese Projekte erfolgreich umgesetzt werden, und freuen uns darauf, unsere Partnerschaft mit Emeren weiter zu st\u00e4rken, w\u00e4hrend wir zur nachhaltigen Energiezukunft Europas beitragen.\u201c<\/p>\t\t\t\t\t\t\t\t<\/div>\n\t\t\t\t<\/div>\n\t\t\t\t\t<\/div>\n\t\t\t\t<\/div>\n\t\t<div class=\"elementor-element elementor-element-074be0d e-flex e-con-boxed e-con e-parent\" data-id=\"074be0d\" data-element_type=\"container\" data-e-type=\"container\">\n\t\t\t\t\t<div class=\"e-con-inner\">\n\t\t\t\t<div class=\"elementor-element elementor-element-7ef8f7f elementor-widget elementor-widget-spacer\" data-id=\"7ef8f7f\" data-element_type=\"widget\" data-e-type=\"widget\" data-widget_type=\"spacer.default\">\n\t\t\t\t<div class=\"elementor-widget-container\">\n\t\t\t\t\t\t\t<div class=\"elementor-spacer\">\n\t\t\t<div class=\"elementor-spacer-inner\"><\/div>\n\t\t<\/div>\n\t\t\t\t\t\t<\/div>\n\t\t\t\t<\/div>\n\t\t\t\t<div class=\"elementor-element elementor-element-153744d elementor-widget elementor-widget-heading\" data-id=\"153744d\" data-element_type=\"widget\" data-e-type=\"widget\" data-widget_type=\"heading.default\">\n\t\t\t\t<div class=\"elementor-widget-container\">\n\t\t\t\t\t<h4 class=\"elementor-heading-title elementor-size-default\">Verwandte Artikel<\/h4>\t\t\t\t<\/div>\n\t\t\t\t<\/div>\n\t\t\t\t<div class=\"elementor-element elementor-element-23dd0e9 elementor-grid-2 elementor-grid-tablet-2 elementor-grid-mobile-1 elementor-posts--thumbnail-top elementor-card-shadow-yes elementor-posts__hover-gradient elementor-widget elementor-widget-posts\" data-id=\"23dd0e9\" data-element_type=\"widget\" data-e-type=\"widget\" data-settings=\"{&quot;cards_columns&quot;:&quot;2&quot;,&quot;cards_row_gap&quot;:{&quot;unit&quot;:&quot;px&quot;,&quot;size&quot;:100,&quot;sizes&quot;:[]},&quot;pagination_type&quot;:&quot;load_more_infinite_scroll&quot;,&quot;cards_row_gap_mobile&quot;:{&quot;unit&quot;:&quot;px&quot;,&quot;size&quot;:20,&quot;sizes&quot;:[]},&quot;cards_columns_tablet&quot;:&quot;2&quot;,&quot;cards_columns_mobile&quot;:&quot;1&quot;,&quot;cards_row_gap_tablet&quot;:{&quot;unit&quot;:&quot;px&quot;,&quot;size&quot;:&quot;&quot;,&quot;sizes&quot;:[]},&quot;load_more_spinner&quot;:{&quot;value&quot;:&quot;fas fa-spinner&quot;,&quot;library&quot;:&quot;fa-solid&quot;}}\" data-widget_type=\"posts.cards\">\n\t\t\t\t<div class=\"elementor-widget-container\">\n\t\t\t\t\t\t\t<div class=\"elementor-posts-container elementor-posts elementor-posts--skin-cards elementor-grid\" role=\"list\">\n\t\t\t\t<article class=\"elementor-post elementor-grid-item post-4116 post type-post status-publish format-standard has-post-thumbnail hentry category-uncategorized\" role=\"listitem\">\n\t\t\t<div class=\"elementor-post__card\">\n\t\t\t\t<a class=\"elementor-post__thumbnail__link\" href=\"https:\/\/trinasolaremea-isbu.com\/de\/trinasolar-isbu-secures-153-42-mwp-solar-portfolio-in-italy-advancing-nzia-agropv-and-fer-x-projects\/\" tabindex=\"-1\" ><div class=\"elementor-post__thumbnail\"><img decoding=\"async\" width=\"1253\" height=\"705\" src=\"https:\/\/i0.wp.com\/trinasolaremea-isbu.com\/wp-content\/uploads\/2026\/03\/1770381480453.png?fit=1253%2C705&amp;ssl=1\" class=\"attachment-full size-full wp-image-4118\" alt=\"\" srcset=\"https:\/\/i0.wp.com\/trinasolaremea-isbu.com\/wp-content\/uploads\/2026\/03\/1770381480453.png?w=1253&amp;ssl=1 1253w, https:\/\/i0.wp.com\/trinasolaremea-isbu.com\/wp-content\/uploads\/2026\/03\/1770381480453.png?resize=300%2C169&amp;ssl=1 300w, https:\/\/i0.wp.com\/trinasolaremea-isbu.com\/wp-content\/uploads\/2026\/03\/1770381480453.png?resize=1024%2C576&amp;ssl=1 1024w, https:\/\/i0.wp.com\/trinasolaremea-isbu.com\/wp-content\/uploads\/2026\/03\/1770381480453.png?resize=768%2C432&amp;ssl=1 768w, https:\/\/i0.wp.com\/trinasolaremea-isbu.com\/wp-content\/uploads\/2026\/03\/1770381480453.png?resize=18%2C10&amp;ssl=1 18w\" sizes=\"(max-width: 800px) 100vw, 800px\" \/><\/div><\/a>\n\t\t\t\t<div class=\"elementor-post__text\">\n\t\t\t\t<h3 class=\"elementor-post__title\">\n\t\t\t<a href=\"https:\/\/trinasolaremea-isbu.com\/de\/trinasolar-isbu-secures-153-42-mwp-solar-portfolio-in-italy-advancing-nzia-agropv-and-fer-x-projects\/\" >\n\t\t\t\tTrinasolar ISBU Secures 153.42 MWp Solar Portfolio in Italy, Advancing NZIA, AGROPV and FER X Projects\t\t\t<\/a>\n\t\t<\/h3>\n\t\t\t\t\t<div class=\"elementor-post__read-more-wrapper\">\n\t\t\n\t\t<a class=\"elementor-post__read-more\" href=\"https:\/\/trinasolaremea-isbu.com\/de\/trinasolar-isbu-secures-153-42-mwp-solar-portfolio-in-italy-advancing-nzia-agropv-and-fer-x-projects\/\" aria-label=\"Mehr \u00fcber Trinasolar ISBU Secures 153.42 MWp Solar Portfolio in Italy, Advancing NZIA, AGROPV and FER X Projects\" tabindex=\"-1\" >\n\t\t\tMehr lesen \"\t\t<\/a>\n\n\t\t\t\t\t<\/div>\n\t\t\t\t<\/div>\n\t\t\t\t<div class=\"elementor-post__meta-data\">\n\t\t\t\t\t<span class=\"elementor-post-date\">\n\t\t\tM\u00e4rz 27, 2026\t\t<\/span>\n\t\t\t\t<span class=\"elementor-post-avatar\">\n\t\t\tKeine Kommentare\t\t<\/span>\n\t\t\t\t<\/div>\n\t\t\t\t\t<\/div>\n\t\t<\/article>\n\t\t\t\t<article class=\"elementor-post elementor-grid-item post-4105 post type-post status-publish format-standard has-post-thumbnail hentry category-uncategorized\" role=\"listitem\">\n\t\t\t<div class=\"elementor-post__card\">\n\t\t\t\t<a class=\"elementor-post__thumbnail__link\" href=\"https:\/\/trinasolaremea-isbu.com\/de\/elementor-4105\/\" tabindex=\"-1\" ><div class=\"elementor-post__thumbnail\"><img decoding=\"async\" width=\"1384\" height=\"705\" src=\"https:\/\/i0.wp.com\/trinasolaremea-isbu.com\/wp-content\/uploads\/2026\/03\/1.png?fit=1384%2C705&amp;ssl=1\" class=\"attachment-full size-full wp-image-4107\" alt=\"\" srcset=\"https:\/\/i0.wp.com\/trinasolaremea-isbu.com\/wp-content\/uploads\/2026\/03\/1.png?w=1384&amp;ssl=1 1384w, https:\/\/i0.wp.com\/trinasolaremea-isbu.com\/wp-content\/uploads\/2026\/03\/1.png?resize=300%2C153&amp;ssl=1 300w, https:\/\/i0.wp.com\/trinasolaremea-isbu.com\/wp-content\/uploads\/2026\/03\/1.png?resize=1024%2C522&amp;ssl=1 1024w, https:\/\/i0.wp.com\/trinasolaremea-isbu.com\/wp-content\/uploads\/2026\/03\/1.png?resize=768%2C391&amp;ssl=1 768w, https:\/\/i0.wp.com\/trinasolaremea-isbu.com\/wp-content\/uploads\/2026\/03\/1.png?resize=18%2C9&amp;ssl=1 18w\" sizes=\"(max-width: 800px) 100vw, 800px\" \/><\/div><\/a>\n\t\t\t\t<div class=\"elementor-post__text\">\n\t\t\t\t<h3 class=\"elementor-post__title\">\n\t\t\t<a href=\"https:\/\/trinasolaremea-isbu.com\/de\/elementor-4105\/\" >\n\t\t\t\tNORD\/LB und Trina Solar sichern eine Finanzierung in H\u00f6he von 85 Millionen Euro f\u00fcr ein 102-MW-Solar-PV-Portfolio in Italien.\t\t\t<\/a>\n\t\t<\/h3>\n\t\t\t\t\t<div class=\"elementor-post__read-more-wrapper\">\n\t\t\n\t\t<a class=\"elementor-post__read-more\" href=\"https:\/\/trinasolaremea-isbu.com\/de\/elementor-4105\/\" aria-label=\"Mehr \u00fcber NORD\/LB AND TRINA SOLAR SECURE \u20ac85 MILLION FINANCING FOR 102 MW SOLAR PV PORTFOLIO IN ITALY\" tabindex=\"-1\" >\n\t\t\tMehr lesen \"\t\t<\/a>\n\n\t\t\t\t\t<\/div>\n\t\t\t\t<\/div>\n\t\t\t\t<div class=\"elementor-post__meta-data\">\n\t\t\t\t\t<span class=\"elementor-post-date\">\n\t\t\tM\u00e4rz 6, 2026\t\t<\/span>\n\t\t\t\t<span class=\"elementor-post-avatar\">\n\t\t\tKeine Kommentare\t\t<\/span>\n\t\t\t\t<\/div>\n\t\t\t\t\t<\/div>\n\t\t<\/article>\n\t\t\t\t<\/div>\n\t\t\t\t\t<span class=\"e-load-more-spinner\">\n\t\t\t\t<svg aria-hidden=\"true\" class=\"e-font-icon-svg e-fas-spinner\" viewbox=\"0 0 512 512\" xmlns=\"http:\/\/www.w3.org\/2000\/svg\"><path d=\"M304 48c0 26.51-21.49 48-48 48s-48-21.49-48-48 21.49-48 48-48 48 21.49 48 48zm-48 368c-26.51 0-48 21.49-48 48s21.49 48 48 48 48-21.49 48-48-21.49-48-48-48zm208-208c-26.51 0-48 21.49-48 48s21.49 48 48 48 48-21.49 48-48-21.49-48-48-48zM96 256c0-26.51-21.49-48-48-48S0 229.49 0 256s21.49 48 48 48 48-21.49 48-48zm12.922 99.078c-26.51 0-48 21.49-48 48s21.49 48 48 48 48-21.49 48-48c0-26.509-21.491-48-48-48zm294.156 0c-26.51 0-48 21.49-48 48s21.49 48 48 48 48-21.49 48-48c0-26.509-21.49-48-48-48zM108.922 60.922c-26.51 0-48 21.49-48 48s21.49 48 48 48 48-21.49 48-48-21.491-48-48-48z\"><\/path><\/svg>\t\t\t<\/span>\n\t\t\n\t\t\t\t<div class=\"e-load-more-anchor\" data-page=\"1\" data-max-page=\"5\" data-next-page=\"https:\/\/trinasolaremea-isbu.com\/de\/wp-json\/wp\/v2\/posts\/4073\/page\/2\/\"><\/div>\n\t\t\t\t<div class=\"e-load-more-message\"><\/div>\n\t\t\t\t\t\t<\/div>\n\t\t\t\t<\/div>\n\t\t\t\t<div class=\"elementor-element elementor-element-6cf2dab elementor-widget elementor-widget-spacer\" data-id=\"6cf2dab\" data-element_type=\"widget\" data-e-type=\"widget\" data-widget_type=\"spacer.default\">\n\t\t\t\t<div class=\"elementor-widget-container\">\n\t\t\t\t\t\t\t<div class=\"elementor-spacer\">\n\t\t\t<div class=\"elementor-spacer-inner\"><\/div>\n\t\t<\/div>\n\t\t\t\t\t\t<\/div>\n\t\t\t\t<\/div>\n\t\t\t\t\t<\/div>\n\t\t\t\t<\/div>\n\t\t\t\t<\/div>\n\t\t<div id=\"csbAdvScrollBarCursor\" data-cursor=\"{}\"><\/div>","protected":false},"excerpt":{"rendered":"<p>Back Latest News We are a diverse team and deeply committed to making the world a better place. We are proud to announce the acquisition of a 65 MWp solar project portfolio Emeren Group Ltd\u00a0a leading global solar project developer, owner, and operator, today announced the sale of a 65<\/p>","protected":false},"author":1,"featured_media":2067,"comment_status":"open","ping_status":"open","sticky":false,"template":"","format":"standard","meta":{"nf_dc_page":"","csbAdvScrollBarCursor":"","_uag_custom_page_level_css":"","_jetpack_memberships_contains_paid_content":false,"footnotes":""},"categories":[1],"tags":[],"class_list":["post-4073","post","type-post","status-publish","format-standard","has-post-thumbnail","hentry","category-uncategorized"],"jetpack_featured_media_url":"https:\/\/i0.wp.com\/trinasolaremea-isbu.com\/wp-content\/uploads\/2024\/09\/Trina-solar-.webp?fit=1280%2C720&ssl=1","uagb_featured_image_src":{"full":["https:\/\/i0.wp.com\/trinasolaremea-isbu.com\/wp-content\/uploads\/2024\/09\/Trina-solar-.webp?fit=1280%2C720&ssl=1",1280,720,false],"thumbnail":["https:\/\/i0.wp.com\/trinasolaremea-isbu.com\/wp-content\/uploads\/2024\/09\/Trina-solar-.webp?resize=150%2C150&ssl=1",150,150,true],"medium":["https:\/\/i0.wp.com\/trinasolaremea-isbu.com\/wp-content\/uploads\/2024\/09\/Trina-solar-.webp?fit=300%2C169&ssl=1",300,169,true],"medium_large":["https:\/\/i0.wp.com\/trinasolaremea-isbu.com\/wp-content\/uploads\/2024\/09\/Trina-solar-.webp?fit=768%2C432&ssl=1",768,432,true],"large":["https:\/\/i0.wp.com\/trinasolaremea-isbu.com\/wp-content\/uploads\/2024\/09\/Trina-solar-.webp?fit=800%2C450&ssl=1",800,450,true],"1536x1536":["https:\/\/i0.wp.com\/trinasolaremea-isbu.com\/wp-content\/uploads\/2024\/09\/Trina-solar-.webp?fit=1280%2C720&ssl=1",1280,720,true],"2048x2048":["https:\/\/i0.wp.com\/trinasolaremea-isbu.com\/wp-content\/uploads\/2024\/09\/Trina-solar-.webp?fit=1280%2C720&ssl=1",1280,720,true],"trp-custom-language-flag":["https:\/\/i0.wp.com\/trinasolaremea-isbu.com\/wp-content\/uploads\/2024\/09\/Trina-solar-.webp?fit=18%2C10&ssl=1",18,10,true],"ultp_layout_landscape_large":["https:\/\/i0.wp.com\/trinasolaremea-isbu.com\/wp-content\/uploads\/2024\/09\/Trina-solar-.webp?resize=1200%2C720&ssl=1",1200,720,true],"ultp_layout_landscape":["https:\/\/i0.wp.com\/trinasolaremea-isbu.com\/wp-content\/uploads\/2024\/09\/Trina-solar-.webp?resize=870%2C570&ssl=1",870,570,true],"ultp_layout_portrait":["https:\/\/i0.wp.com\/trinasolaremea-isbu.com\/wp-content\/uploads\/2024\/09\/Trina-solar-.webp?resize=600%2C720&ssl=1",600,720,true],"ultp_layout_square":["https:\/\/i0.wp.com\/trinasolaremea-isbu.com\/wp-content\/uploads\/2024\/09\/Trina-solar-.webp?resize=600%2C600&ssl=1",600,600,true]},"uagb_author_info":{"display_name":"josh.cluett","author_link":"https:\/\/trinasolaremea-isbu.com\/de\/author\/josh-cluett\/"},"uagb_comment_info":0,"uagb_excerpt":"Back Latest News We are a diverse team and deeply committed to making the world a better place. We are proud to announce the acquisition of a 65 MWp solar project portfolio Emeren Group Ltd\u00a0a leading global solar project developer, owner, and operator, today announced the sale of a 65","jetpack_sharing_enabled":true,"_links":{"self":[{"href":"https:\/\/trinasolaremea-isbu.com\/de\/wp-json\/wp\/v2\/posts\/4073","targetHints":{"allow":["GET"]}}],"collection":[{"href":"https:\/\/trinasolaremea-isbu.com\/de\/wp-json\/wp\/v2\/posts"}],"about":[{"href":"https:\/\/trinasolaremea-isbu.com\/de\/wp-json\/wp\/v2\/types\/post"}],"author":[{"embeddable":true,"href":"https:\/\/trinasolaremea-isbu.com\/de\/wp-json\/wp\/v2\/users\/1"}],"replies":[{"embeddable":true,"href":"https:\/\/trinasolaremea-isbu.com\/de\/wp-json\/wp\/v2\/comments?post=4073"}],"version-history":[{"count":10,"href":"https:\/\/trinasolaremea-isbu.com\/de\/wp-json\/wp\/v2\/posts\/4073\/revisions"}],"predecessor-version":[{"id":4083,"href":"https:\/\/trinasolaremea-isbu.com\/de\/wp-json\/wp\/v2\/posts\/4073\/revisions\/4083"}],"wp:featuredmedia":[{"embeddable":true,"href":"https:\/\/trinasolaremea-isbu.com\/de\/wp-json\/wp\/v2\/media\/2067"}],"wp:attachment":[{"href":"https:\/\/trinasolaremea-isbu.com\/de\/wp-json\/wp\/v2\/media?parent=4073"}],"wp:term":[{"taxonomy":"category","embeddable":true,"href":"https:\/\/trinasolaremea-isbu.com\/de\/wp-json\/wp\/v2\/categories?post=4073"},{"taxonomy":"post_tag","embeddable":true,"href":"https:\/\/trinasolaremea-isbu.com\/de\/wp-json\/wp\/v2\/tags?post=4073"}],"curies":[{"name":"wp","href":"https:\/\/api.w.org\/{rel}","templated":true}]}}